{"id":2656,"date":"2026-03-13T11:15:17","date_gmt":"2026-03-13T11:15:17","guid":{"rendered":"https:\/\/www.ppa.hr\/hr_\/?p=2656"},"modified":"2026-03-13T11:16:00","modified_gmt":"2026-03-13T11:16:00","slug":"lucka-uprava-ploce-postavila-mjernu-postaju-za-mjerenje-kvalitete-zraka-podaci-dostupni-gradanima","status":"publish","type":"post","link":"https:\/\/www.ppa.hr\/hr_\/2026\/03\/13\/lucka-uprava-ploce-postavila-mjernu-postaju-za-mjerenje-kvalitete-zraka-podaci-dostupni-gradanima\/","title":{"rendered":"Lu\u010dka uprava Plo\u010de postavila mjernu postaju za mjerenje kvalitete zraka \u2013 podaci dostupni gra\u0111anima"},"content":{"rendered":"\n<p class=\"has-text-align-left\">Lu\u010dka uprava Plo\u010de po\u010detkom ove godine je instalirala i pustila u rad mjernu postaju za kontinuirano pra\u0107enje kvalitete zraka na podru\u010dju luke Plo\u010de.<\/p>\n\n\n\n<p class=\"has-text-align-left\">Rije\u010d je o suvremenom automatiziranom sustavu za mjerenje kvalitete zraka, uklju\u010duju\u0107i parametre poput brzine i smjera vjetra, temperature i vlage zraka. Automatizirani sustav mjerenja omogu\u0107it \u0107e prikupljanje podataka u stvarnom vremenu \u0161to je omogu\u0107iti pouzdanu osnovu za dono\u0161enje eventualnih mjera za smanjenje emisija i za\u0161titu okoli\u0161a.<\/p>\n\n\n\n<p class=\"has-text-align-left\">Sustav \u0107e pratiti razine du\u0161ikovih oksida, ugljikovog monoksida, sumporovog dioksida, lebde\u0107ih \u010destica (PM10 i PM2,5) te sadr\u017eaj te\u0161kih metala u lebde\u0107im \u010desticama. Podaci \u0107e se prikupljati u realnom vremenu te su ve\u0107 sada dostupni putem nacionalnog sustava na <a href=\"https:\/\/iszz.azo.hr\/iskzl\/\">https:\/\/iszz.azo.hr\/iskzl\/<\/a> kao i na web stranici <a href=\"https:\/\/www.ppa.hr\/hr_\/\">Lu\u010dke uprave Plo\u010de<\/a>.<\/p>\n\n\n\n<p class=\"has-text-align-left\">Osim toga, ovla\u0161teni laboratorij \u0107e sastavljati redovita godi\u0161nja izvje\u0161\u0107a o kvaliteti zraka koji \u0107e tako\u0111er biti javno dostupni a ujedno \u0107e omogu\u0107iti kontinuiranu procjenu utjecaja emisija kao i dono\u0161enja eventualnih mjera.<\/p>\n\n\n\n<p class=\"has-text-align-left\">\u201eMjerna postaja dio je niza mjera kojima sustavno ja\u010damo odr\u017eivost luke. Pouzdani i javno dostupni podaci o kvaliteti zraka omogu\u0107it \u0107e odgovorno upravljanje lu\u010dkim aktivnostima i brzu reakciju na eventualna one\u010di\u0161\u0107enja. Tako\u0111er, javna dostupnost podataka potvr\u0111uje na\u0161u predanost za\u0161titi okoli\u0161a, ali i transparentnom odnosu prema gra\u0111anima grada Plo\u010da i okolice.\u201d isti\u010du iz Lu\u010dke uprave Plo\u010de.<\/p>\n\n\n\n<p class=\"has-text-align-left\">Lokacija mjerne postaje je odabrana prema stru\u010dnim kriterijima koji osiguravaju vjerodostojnost mjerenja. Radi se o granici lu\u010dkog podru\u010dja (u blizini trajektnog pristani\u0161ta) koja je reprezentativna u pogledu najve\u0107eg utjecaja emisijama s lu\u010dkog podru\u010dja na stanovni\u0161tvo grada Plo\u010da.<\/p>\n\n\n\n<p class=\"has-text-align-left\">Ukupna vrijednost ovog projekta iznosi 465.371,78 eura a Lu\u010dka uprava Plo\u010de je ostvarila bespovratno EU financiranje kroz Program konkurentnost i kohezija 2021.-2027., i to u iznosu od 85 % od ukupne vrijednosti.<\/p>\n\n\n\n<figure class=\"wp-block-image size-full is-resized\"><img fetchpriority=\"high\" decoding=\"async\" width=\"463\" height=\"123\" src=\"https:\/\/www.ppa.hr\/hr_\/wp-content\/uploads\/2026\/03\/EU-logotip.png\" alt=\"\" class=\"wp-image-2657\" style=\"width:433px;height:auto\" srcset=\"https:\/\/www.ppa.hr\/hr_\/wp-content\/uploads\/2026\/03\/EU-logotip.png 463w, https:\/\/www.ppa.hr\/hr_\/wp-content\/uploads\/2026\/03\/EU-logotip-300x80.png 300w\" sizes=\"(max-width: 463px) 100vw, 463px\" \/><\/figure>\n\n\n\n<figure class=\"wp-block-gallery has-nested-images columns-2 wp-block-gallery-1 is-layout-flex wp-block-gallery-is-layout-flex\">\n<figure class=\"wp-block-image size-large\"><img decoding=\"async\" width=\"1024\" height=\"683\" data-id=\"2662\" src=\"https:\/\/www.ppa.hr\/hr_\/wp-content\/uploads\/2026\/03\/Mjerna-postaja_3-1024x683.jpg\" alt=\"\" class=\"wp-image-2662\" srcset=\"https:\/\/www.ppa.hr\/hr_\/wp-content\/uploads\/2026\/03\/Mjerna-postaja_3-1024x683.jpg 1024w, https:\/\/www.ppa.hr\/hr_\/wp-content\/uploads\/2026\/03\/Mjerna-postaja_3-300x200.jpg 300w, https:\/\/www.ppa.hr\/hr_\/wp-content\/uploads\/2026\/03\/Mjerna-postaja_3-768x512.jpg 768w, https:\/\/www.ppa.hr\/hr_\/wp-content\/uploads\/2026\/03\/Mjerna-postaja_3-1536x1024.jpg 1536w, https:\/\/www.ppa.hr\/hr_\/wp-content\/uploads\/2026\/03\/Mjerna-postaja_3-2048x1365.jpg 2048w\" sizes=\"(max-width: 1024px) 100vw, 1024px\" \/><\/figure>\n\n\n\n<figure class=\"wp-block-image size-large\"><img decoding=\"async\" width=\"1024\" height=\"683\" data-id=\"2658\" src=\"https:\/\/www.ppa.hr\/hr_\/wp-content\/uploads\/2026\/03\/Mjerna-postaja_5-1024x683.jpg\" alt=\"\" class=\"wp-image-2658\" srcset=\"https:\/\/www.ppa.hr\/hr_\/wp-content\/uploads\/2026\/03\/Mjerna-postaja_5-1024x683.jpg 1024w, https:\/\/www.ppa.hr\/hr_\/wp-content\/uploads\/2026\/03\/Mjerna-postaja_5-300x200.jpg 300w, https:\/\/www.ppa.hr\/hr_\/wp-content\/uploads\/2026\/03\/Mjerna-postaja_5-768x512.jpg 768w, https:\/\/www.ppa.hr\/hr_\/wp-content\/uploads\/2026\/03\/Mjerna-postaja_5-1536x1024.jpg 1536w, https:\/\/www.ppa.hr\/hr_\/wp-content\/uploads\/2026\/03\/Mjerna-postaja_5-2048x1365.jpg 2048w\" sizes=\"(max-width: 1024px) 100vw, 1024px\" \/><\/figure>\n\n\n\n<figure class=\"wp-block-image size-large\"><img loading=\"lazy\" decoding=\"async\" width=\"1024\" height=\"683\" data-id=\"2661\" src=\"https:\/\/www.ppa.hr\/hr_\/wp-content\/uploads\/2026\/03\/Mjerna-postaja_2-1024x683.jpg\" alt=\"\" class=\"wp-image-2661\" srcset=\"https:\/\/www.ppa.hr\/hr_\/wp-content\/uploads\/2026\/03\/Mjerna-postaja_2-1024x683.jpg 1024w, https:\/\/www.ppa.hr\/hr_\/wp-content\/uploads\/2026\/03\/Mjerna-postaja_2-300x200.jpg 300w, https:\/\/www.ppa.hr\/hr_\/wp-content\/uploads\/2026\/03\/Mjerna-postaja_2-768x512.jpg 768w, https:\/\/www.ppa.hr\/hr_\/wp-content\/uploads\/2026\/03\/Mjerna-postaja_2-1536x1024.jpg 1536w, https:\/\/www.ppa.hr\/hr_\/wp-content\/uploads\/2026\/03\/Mjerna-postaja_2-2048x1365.jpg 2048w\" sizes=\"(max-width: 1024px) 100vw, 1024px\" \/><\/figure>\n\n\n\n<figure class=\"wp-block-image size-large\"><img loading=\"lazy\" decoding=\"async\" width=\"1024\" height=\"683\" data-id=\"2659\" src=\"https:\/\/www.ppa.hr\/hr_\/wp-content\/uploads\/2026\/03\/Mjerna-postaja_6-1024x683.jpg\" alt=\"\" class=\"wp-image-2659\" srcset=\"https:\/\/www.ppa.hr\/hr_\/wp-content\/uploads\/2026\/03\/Mjerna-postaja_6-1024x683.jpg 1024w, https:\/\/www.ppa.hr\/hr_\/wp-content\/uploads\/2026\/03\/Mjerna-postaja_6-300x200.jpg 300w, https:\/\/www.ppa.hr\/hr_\/wp-content\/uploads\/2026\/03\/Mjerna-postaja_6-768x512.jpg 768w, https:\/\/www.ppa.hr\/hr_\/wp-content\/uploads\/2026\/03\/Mjerna-postaja_6-1536x1024.jpg 1536w, https:\/\/www.ppa.hr\/hr_\/wp-content\/uploads\/2026\/03\/Mjerna-postaja_6-2048x1365.jpg 2048w\" sizes=\"(max-width: 1024px) 100vw, 1024px\" \/><\/figure>\n\n\n\n<figure class=\"wp-block-image size-large\"><img loading=\"lazy\" decoding=\"async\" width=\"683\" height=\"1024\" data-id=\"2663\" src=\"https:\/\/www.ppa.hr\/hr_\/wp-content\/uploads\/2026\/03\/Mjerna-postaja_4-683x1024.jpg\" alt=\"\" class=\"wp-image-2663\" srcset=\"https:\/\/www.ppa.hr\/hr_\/wp-content\/uploads\/2026\/03\/Mjerna-postaja_4-683x1024.jpg 683w, https:\/\/www.ppa.hr\/hr_\/wp-content\/uploads\/2026\/03\/Mjerna-postaja_4-200x300.jpg 200w, https:\/\/www.ppa.hr\/hr_\/wp-content\/uploads\/2026\/03\/Mjerna-postaja_4-768x1152.jpg 768w, https:\/\/www.ppa.hr\/hr_\/wp-content\/uploads\/2026\/03\/Mjerna-postaja_4-1024x1536.jpg 1024w, https:\/\/www.ppa.hr\/hr_\/wp-content\/uploads\/2026\/03\/Mjerna-postaja_4-1365x2048.jpg 1365w, https:\/\/www.ppa.hr\/hr_\/wp-content\/uploads\/2026\/03\/Mjerna-postaja_4-scaled.jpg 1707w\" sizes=\"(max-width: 683px) 100vw, 683px\" \/><\/figure>\n\n\n\n<figure class=\"wp-block-image size-large\"><img loading=\"lazy\" decoding=\"async\" width=\"576\" height=\"1024\" data-id=\"2660\" src=\"https:\/\/www.ppa.hr\/hr_\/wp-content\/uploads\/2026\/03\/Mjerna-postaja_1-576x1024.jpg\" alt=\"\" class=\"wp-image-2660\" srcset=\"https:\/\/www.ppa.hr\/hr_\/wp-content\/uploads\/2026\/03\/Mjerna-postaja_1-576x1024.jpg 576w, https:\/\/www.ppa.hr\/hr_\/wp-content\/uploads\/2026\/03\/Mjerna-postaja_1-169x300.jpg 169w, https:\/\/www.ppa.hr\/hr_\/wp-content\/uploads\/2026\/03\/Mjerna-postaja_1-768x1366.jpg 768w, https:\/\/www.ppa.hr\/hr_\/wp-content\/uploads\/2026\/03\/Mjerna-postaja_1-864x1536.jpg 864w, https:\/\/www.ppa.hr\/hr_\/wp-content\/uploads\/2026\/03\/Mjerna-postaja_1-1152x2048.jpg 1152w, https:\/\/www.ppa.hr\/hr_\/wp-content\/uploads\/2026\/03\/Mjerna-postaja_1-scaled.jpg 1440w\" sizes=\"(max-width: 576px) 100vw, 576px\" \/><\/figure>\n<\/figure>\n\n\n\n<p><\/p>\n","protected":false},"excerpt":{"rendered":"<p>Lu\u010dka uprava Plo\u010de po\u010detkom ove godine je instalirala i pustila u rad mjernu postaju za kontinuirano pra\u0107enje kvalitete zraka na podru\u010dju luke Plo\u010de. Rije\u010d je o suvremenom automatiziranom sustavu za mjerenje kvalitete zraka, uklju\u010duju\u0107i parametre poput brzine i smjera vjetra, temperature i vlage zraka. Automatizirani sustav mjerenja omogu\u0107it \u0107e prikupljanje podataka u stvarnom vremenu \u0161to [&hellip;]<\/p>\n","protected":false},"author":1,"featured_media":2663,"comment_status":"open","ping_status":"open","sticky":false,"template":"","format":"standard","meta":{"footnotes":""},"categories":[12],"tags":[20,21,19],"class_list":["post-2656","post","type-post","status-publish","format-standard","has-post-thumbnail","hentry","category-novosti","tag-kvaliteta-zraka","tag-mjerna-postaja","tag-projekti"],"_links":{"self":[{"href":"https:\/\/www.ppa.hr\/hr_\/wp-json\/wp\/v2\/posts\/2656","targetHints":{"allow":["GET"]}}],"collection":[{"href":"https:\/\/www.ppa.hr\/hr_\/wp-json\/wp\/v2\/posts"}],"about":[{"href":"https:\/\/www.ppa.hr\/hr_\/wp-json\/wp\/v2\/types\/post"}],"author":[{"embeddable":true,"href":"https:\/\/www.ppa.hr\/hr_\/wp-json\/wp\/v2\/users\/1"}],"replies":[{"embeddable":true,"href":"https:\/\/www.ppa.hr\/hr_\/wp-json\/wp\/v2\/comments?post=2656"}],"version-history":[{"count":3,"href":"https:\/\/www.ppa.hr\/hr_\/wp-json\/wp\/v2\/posts\/2656\/revisions"}],"predecessor-version":[{"id":2665,"href":"https:\/\/www.ppa.hr\/hr_\/wp-json\/wp\/v2\/posts\/2656\/revisions\/2665"}],"wp:featuredmedia":[{"embeddable":true,"href":"https:\/\/www.ppa.hr\/hr_\/wp-json\/wp\/v2\/media\/2663"}],"wp:attachment":[{"href":"https:\/\/www.ppa.hr\/hr_\/wp-json\/wp\/v2\/media?parent=2656"}],"wp:term":[{"taxonomy":"category","embeddable":true,"href":"https:\/\/www.ppa.hr\/hr_\/wp-json\/wp\/v2\/categories?post=2656"},{"taxonomy":"post_tag","embeddable":true,"href":"https:\/\/www.ppa.hr\/hr_\/wp-json\/wp\/v2\/tags?post=2656"}],"curies":[{"name":"wp","href":"https:\/\/api.w.org\/{rel}","templated":true}]}}